{"id":6127,"date":"2022-12-08T09:34:01","date_gmt":"2022-12-08T08:34:01","guid":{"rendered":"https:\/\/a8architektura.pl\/?p=6127"},"modified":"2025-07-16T12:41:44","modified_gmt":"2025-07-16T10:41:44","slug":"czym-rozni-sie-projekt-techniczny-od-projektu-wykonawczego","status":"publish","type":"post","link":"https:\/\/a8architektura.pl\/en\/architektura\/czym-rozni-sie-projekt-techniczny-od-projektu-wykonawczego","title":{"rendered":"Czym r\u00f3\u017cni si\u0119 Projekt Techniczny od Projektu Wykonawczego i czy warto zleca\u0107 Projekt Wykonawczy?"},"content":{"rendered":"\n<figure class=\"wp-block-image size-full\"><img loading=\"lazy\" decoding=\"async\" width=\"1600\" height=\"1066\" src=\"https:\/\/a8architektura.pl\/wp-content\/uploads\/male-hand-holding-project-plan-statistics-screen-close-up.jpg\" alt=\"\" class=\"wp-image-6184\" srcset=\"https:\/\/a8architektura.pl\/wp-content\/uploads\/male-hand-holding-project-plan-statistics-screen-close-up.jpg 1600w, https:\/\/a8architektura.pl\/wp-content\/uploads\/male-hand-holding-project-plan-statistics-screen-close-up-1280x853.jpg 1280w, https:\/\/a8architektura.pl\/wp-content\/uploads\/male-hand-holding-project-plan-statistics-screen-close-up-768x512.jpg 768w, https:\/\/a8architektura.pl\/wp-content\/uploads\/male-hand-holding-project-plan-statistics-screen-close-up-1536x1023.jpg 1536w, https:\/\/a8architektura.pl\/wp-content\/uploads\/male-hand-holding-project-plan-statistics-screen-close-up-120x80.jpg 120w, https:\/\/a8architektura.pl\/wp-content\/uploads\/male-hand-holding-project-plan-statistics-screen-close-up-990x660.jpg 990w\" sizes=\"auto, (max-width: 1600px) 100vw, 1600px\" \/><\/figure>\n\n\n\n<h2 class=\"wp-block-heading\">Czym jest projekt techniczny i projekt wykonawczy<\/h2>\n\n\n\n<p>Rozwa\u017cania na temat r\u00f3\u017cnic mi\u0119dzy projektami nale\u017cy zacz\u0105\u0107 od zmiany ustawy Prawo Budowlanego, jaka mia\u0142a miejsce w 19 wrze\u015bnia 2020 roku. Przed t\u0105 dat\u0105 podstawowymi fazami projektu by\u0142y: projekt koncepcyjny, projekt budowlany, projekt wykonawczy.<\/p>\n\n\n\n<p>Zmiana prawa podzieli\u0142a drug\u0105 faz\u0119 projektu, czyli projekt budowlany na trzy cz\u0119\u015bci:<\/p>\n\n\n\n<ul class=\"wp-block-list\">\n<li>projekt zagospodarowania dzia\u0142ki lub terenu (<strong>PZT<\/strong>)<\/li>\n\n\n\n<li>projekt architektoniczno-budowlany (<strong>PAB<\/strong>)<\/li>\n\n\n\n<li>projekt techniczny (<strong>PT<\/strong>)<\/li>\n<\/ul>\n\n\n\n<p>Do uzyskania pozwolenia na budow\u0119 potrzebny jest projekt zagospodarowania dzia\u0142ki lub terenu oraz projekt architektoniczno-budowlany. Projekt techniczny nie jest sk\u0142adany do organu wydaj\u0105cego pozwolenie.&nbsp;Sk\u0142adany jest p\u00f3\u017aniej do nadzoru budowlanego (wraz z papierami do zg\u0142oszenia do u\u017cytkowania).<\/p>\n\n\n\n<p>Projekt wykonawczy (<strong>PW<\/strong>) pozostaje jako oddzielny projekt, kt\u00f3ry przygotuje si\u0119 jako rozwini\u0119cie i uszczeg\u00f3\u0142owienie projektu budowlanego.<\/p>\n\n\n\n<p>Wszystkie wymienione projekty dziel\u0105 si\u0119 na projekty bran\u017cowe. Najcz\u0119\u015bciej jest to bran\u017ca architektoniczna, konstrukcyjna, instalacje sanitarne i instalacje elektryczne.<\/p>\n\n\n\n<h2 class=\"wp-block-heading\">Jakie s\u0105 r\u00f3\u017cnice mi\u0119dzy PT i PW? Projekt techniczny a projekt wykonawczy<\/h2>\n\n\n\n<p>Projekty bran\u017cowe r\u00f3\u017cni\u0105 si\u0119 stopniem zaawansowania poszczeg\u00f3lnych cz\u0119\u015bci projektu. Projekt techniczny, jako cz\u0119\u015b\u0107 projektu budowlanego, jest rozwini\u0119ciem projektu architektoniczno-budowlanego.<\/p>\n\n\n\n<p>Tabela przedstawia podzia\u0142 poszczeg\u00f3lnych bran\u017c w ramach poszczeg\u00f3lnych faz projektowych. Dla czytelno\u015bci tabel\u0119 uzupe\u0142niono o projekt zagospodarowania dzia\u0142ki lub terenu oraz projekt architektoniczno-budowlany. Przedstawiony w niej zakres dotyczy dom\u00f3w jednorodzinnych oraz innych ma\u0142ych kubaturowo budynk\u00f3w.<\/p>\n\n\n\n<figure class=\"wp-block-table is-style-stripes\"><table><tbody><tr><td class=\"has-text-align-center\" data-align=\"center\"><br \/><strong>PROJEKT BUDOWLANY<\/strong><br \/><br \/><\/td><\/tr><\/tbody><\/table><\/figure>\n\n\n\n<figure class=\"wp-block-table is-style-stripes\"><table><thead><tr><th class=\"has-text-align-left\" data-align=\"left\">Etap<\/th><th class=\"has-text-align-left\" data-align=\"left\">Architektura<\/th><th class=\"has-text-align-left\" data-align=\"left\">Konstrukcja<\/th><th class=\"has-text-align-left\" data-align=\"left\">Instalacje sanitarne<\/th><th class=\"has-text-align-left\" data-align=\"left\">Instalacje elektryczne<\/th><\/tr><\/thead><tbody><tr><td class=\"has-text-align-left\" data-align=\"left\"><strong>PZT<\/strong><\/td><td class=\"has-text-align-left\" data-align=\"left\"><strong>Opis:<\/strong><br \/>&#8211; Og\u00f3lny opis zagospodarowania terenu istniej\u0105cego i projektowanego<br \/>&#8211; Zestawienia powierzchni zagospodarowania terenu<br \/><br \/><strong>Rysunki:<\/strong><br \/>projekt zagospodarowania terenu z podstawowymi parametrami dotycz\u0105cymi ochrony przeciwpo\u017carowej<\/td><td class=\"has-text-align-left\" data-align=\"left\">&#8211;<\/td><td class=\"has-text-align-left\" data-align=\"left\">Okre\u015blenie proponowanego przy\u0142\u0105czenia do sieci<\/td><td class=\"has-text-align-left\" data-align=\"left\">Okre\u015blenie proponowanego pod\u0142\u0105czenia do s\u0142upa energetycznego, skrzynki w ogrodzeniu lub projektowanej skrzynki na budynku<\/td><\/tr><tr><td class=\"has-text-align-left\" data-align=\"left\"><strong>PAB<\/strong><\/td><td class=\"has-text-align-left\" data-align=\"left\"><strong>Opis:<\/strong><br \/>&#8211; og\u00f3lny opis projektowanego budynku<br \/>&#8211; opinia geotechniczna<br \/>&#8211; zamierzony spos\u00f3b u\u017cytkowania oraz program u\u017cytkowy obiektu budowlanego<br \/><strong>Rysunki:<\/strong><br \/>&#8211; rzuty wszystkich charakterystycznych poziom\u00f3w budynku w zakresie<br \/>niezb\u0119dnym do przedstawienia uk\u0142adu funkcjonalno-przestrzennego<br \/>i rozwi\u0105za\u0144 architektoniczno-budowlanych<br \/>&#8211; niezb\u0119dne przekroje w powi\u0105zaniu z terenem i obiektami s\u0105siaduj\u0105cymi<br \/>&#8211; widoki elewacji i dachu<\/td><td class=\"has-text-align-left\" data-align=\"left\">&#8211;<\/td><td class=\"has-text-align-left\" data-align=\"left\">\ud83d\udd25 GAZOWA projekt instalacji z rozwini\u0119ciami (je\u015bli gaz przewidziany jest do podgrzewania wody u\u017cytkowej i do ogrzewania pomieszcze\u0144)<br \/><br \/>\u267b\ufe0f Analiza alternatywnych \u017ar\u00f3de\u0142<br \/>\ud83e\udde0 Analiza technicznych i ekonomicznych zastosowania urz\u0105dze\u0144 automatyzuj\u0105cych temperatur\u0119 w budynku.<\/td><td class=\"has-text-align-left\" data-align=\"left\">\u26a1-&nbsp;okre\u015blenie mocy zapotrzebowania budynku na energi\u0119 elektryczn\u0105<br \/>&#8211; okre\u015blenie lokalizacji tablic elektrycznych<br \/>&#8211; okre\u015blenie lokalizacji przeciwpo\u017carowego wy\u0142\u0105cznika pr\u0105du<\/td><\/tr><tr><td class=\"has-text-align-left\" data-align=\"left\"><strong>PT<\/strong><\/td><td class=\"has-text-align-left\" data-align=\"left\"><strong>Opis:<\/strong><br \/>&#8211; ochrona ppo\u017c (rozszerzenie danych z <strong>PZT<\/strong>, <strong>PAB<\/strong>)<br \/>&#8211; rozwini\u0119te opracowania geotechniczne (je\u015bli wymagane)<br \/><br \/><strong>Rysunki:<\/strong><br \/>&#8211; uszczeg\u00f3\u0142owione rzuty wszystkich charakterystycznych poziom\u00f3w w zakresie<br \/>niezb\u0119dnym do przedstawienia uk\u0142adu funkcjonalno-przestrzennego<br \/>i rozwi\u0105za\u0144 architektoniczno-budowlanych<br \/>oraz dach<br \/>&#8211; dodatkowe przekroje poprzeczne i pod\u0142u\u017cne<br \/>&#8211; zestawienie przegr\u00f3d<br \/>&#8211; instalacje i urz\u0105dzenia budowlane ochrony ppo\u017c. w formie opisanych schemat\u00f3w<\/td><td class=\"has-text-align-left\" data-align=\"left\">&#8211; obliczenia statyczne<br \/>&#8211; opis<br \/>&#8211; rzut fundament\u00f3w<br \/>&#8211; rysunek wi\u0119\u017aby dachowej (je\u015bli wyst\u0119puje)<br \/>&#8211; rysunki szalunkowe<\/td><td class=\"has-text-align-left\" data-align=\"left\">Og\u00f3lny przebieg tras instalacji wraz z doborem podstawowych urz\u0105dze\u0144 (np. grzewczych, wentylacyjnych, klimatyzacyjnych itp).<br \/>W rozbiciu na poszczeg\u00f3lne instalacje:<br \/><br \/>\u2668 CENTRALNE OGRZEWANIE wyliczane s\u0105 zapotrzebowania na moce grzewcze bez przedstawienia doboru konkretnych grzejnik\u00f3w czy rozstaw\u00f3w p\u0119tli ogrzewania pod\u0142ogowego<br \/><br \/>\ud83d\udca7 WODOCI\u0104GOWA przedstawianie s\u0105 trasy instalacji<br \/><br \/>\ud83d\udebd KANALIZACYJNA przedstawianie s\u0105 trasy instalacji wraz z doborem \u015brednic oraz opisem wymaganych minimalnych spadk\u00f3w na instalacji<br \/><br \/>\ud83d\udca8 WENTYLACYJNA wyliczamy bilans powietrza, dobieramy centrale lub wentylatory oraz przedstawiamy trasy instalacji wraz z doborem \u015brednic kana\u0142\u00f3w. kana\u0142y s\u0105 rysowane jednokreskowo<br \/><br \/>\u2744 KLIMATYZACJA wyliczamy wymagane zapotrzebowania oraz przedstawiane lokalizacje urz\u0105dze\u0144 oraz trasy instalacji freonowej i skroplinowej<\/td><td class=\"has-text-align-left\" data-align=\"left\">\u26a1- okre\u015blenie lokalizacji wpust\u00f3w, w\u0142\u0105cznik\u00f3w i opraw o\u015bwietleniowych<\/td><\/tr><\/tbody><\/table><\/figure>\n\n\n\n\n\n\n\n<figure class=\"wp-block-table is-style-stripes\"><table><tbody><tr><td class=\"has-text-align-center\" data-align=\"center\"><br \/><strong>PROJEKT WYKONAWCZY<\/strong><br \/><br \/><\/td><\/tr><\/tbody><\/table><\/figure>\n\n\n\n<figure class=\"wp-block-table is-style-stripes\"><table><thead><tr><th class=\"has-text-align-left\" data-align=\"left\">Etap<\/th><th class=\"has-text-align-left\" data-align=\"left\">Architektura<\/th><th class=\"has-text-align-left\" data-align=\"left\">Konstrukcja<\/th><th class=\"has-text-align-left\" data-align=\"left\">Instalacje sanitarne<\/th><th class=\"has-text-align-left\" data-align=\"left\">Instalacje elektryczne<\/th><\/tr><\/thead><tbody><tr><td class=\"has-text-align-left\" data-align=\"left\"><strong>PW<\/strong> <\/td><td class=\"has-text-align-left\" data-align=\"left\"><strong>Opis:<\/strong><br \/>&#8211; w zale\u017cno\u015bci od z\u0142o\u017cono\u015bci inwestycji<br \/><br \/><strong>Rysunki:<\/strong><br \/>&#8211; szczeg\u00f3\u0142owe rysunki zagospodarowania terenu wraz z rozwi\u0105zaniami materia\u0142owymi, wyposa\u017ceniem i opcjonalnymi rozwi\u0105zaniami architektury krajobrazu<br \/>&#8211; detale architektoniczno-budowlane<br \/>&#8211; szczeg\u00f3\u0142owe rozwi\u0105zania instalacyjne wraz z urz\u0105dzeniami budowlanymi ochrony ppo\u017c.<br \/>&#8211; projekt &#8220;otwor\u00f3wki&#8221; wraz z koordynacj\u0105 otwor\u00f3w i wszystkich instalacji<br \/><br \/>*przy wi\u0119kszych projektach PT architektury jest realizowany w mo\u017cliwie ma\u0142ym zakresie (g\u0142\u00f3wnie w zakresie ochrony ppo\u017c), a realizowany jest szczeg\u00f3\u0142owy projekt wykonawczy<\/td><td class=\"has-text-align-left\" data-align=\"left\">&#8211; rysunki zbrojenia<br \/>&#8211; zestawienie stali<br \/>&#8211; zestawienie element\u00f3w wi\u0119\u017aby dachowej<\/td><td class=\"has-text-align-left\" data-align=\"left\">Zakres PW zawiera to, co PT, ale dodatkowo:<br \/><br \/>\u2668 CENTRALNE OGRZEWANIE dobierane s\u0105 konkretne modele grzejnik\u00f3w oraz rozstawy p\u0119tli ogrzewania pod\u0142ogowego, dobieramy nastawy na zaworach, przedstawiane s\u0105 zestawienia materia\u0142owe<br \/><br \/>\ud83d\udca7 WODOCI\u0104GOWA uzupe\u0142niona o rysunek z aksonometri\u0105 instalacji wody oraz zestawienia materia\u0142owe<br \/><br \/>\ud83d\udebd KANALIZACYJNA uzupe\u0142niona o rysunek z rozwini\u0119ciem kanalizacji oraz profile wraz z wyliczeniem zag\u0142\u0119bienia kanalizacji w gruncie, przedstawiamy zestawienia materia\u0142owe<br \/><br \/>\ud83d\udca8 WENTYLACYJNA uzupe\u0142niona o zestawienie materia\u0142owe a rysunki &#8211; przedstawiaj\u0105 kana\u0142y oraz wszystkie kszta\u0142tki dwukreskowo<br \/><br \/>\u2744 KLIMATYZACJA dobierane s\u0105 konkretne modele urz\u0105dze\u0144 oraz \u015brednice instalacji<\/td><td class=\"has-text-align-left\" data-align=\"left\">\u26a1- projekt tablicy elektrycznej<br \/>&#8211; projekt instalacji odgromowej<br \/>&#8211; projekt element\u00f3w zagospodarowania terenu:<br \/>* o\u015bwietlenie zewn\u0119trzne<br \/>* niskie pr\u0105dy (domofon, wideofon)<br \/>* inne elementy zagospodarowania<\/td><\/tr><\/tbody><\/table><\/figure>\n\n\n\n<p>Uwagi do tabeli:<\/p>\n\n\n\n<ol class=\"wp-block-list\">\n<li>Zakres projektu wykonawczego mo\u017ce by\u0107 r\u00f3\u017cny, w zale\u017cno\u015bci od zapis\u00f3w umowy i skomplikowania obiektu.&nbsp;<\/li>\n\n\n\n<li>Zestawienia materia\u0142owe i standardy nie dotycz\u0105 domk\u00f3w jednorodzinnych oraz ma\u0142ych budynk\u00f3w<\/li>\n\n\n\n<li>PZT oznacza Projekt Zagospodarowania Terenu<\/li>\n\n\n\n<li>PAB oznacza Projekt Architektoniczno Budowlany<\/li>\n\n\n\n<li>PT oznacza Projekt Techniczny<\/li>\n\n\n\n<li>PB oznacza Projekt Budowlany<\/li>\n\n\n\n<li>PW oznacza Projekt Wykonawczy<\/li>\n<\/ol>\n\n\n\n<figure class=\"wp-block-image size-full\"><img loading=\"lazy\" decoding=\"async\" width=\"1600\" height=\"898\" src=\"https:\/\/a8architektura.pl\/wp-content\/uploads\/Zdjecie-nr-6-3-2048x1150-1.jpg\" alt=\"\" class=\"wp-image-6183\" srcset=\"https:\/\/a8architektura.pl\/wp-content\/uploads\/Zdjecie-nr-6-3-2048x1150-1.jpg 1600w, https:\/\/a8architektura.pl\/wp-content\/uploads\/Zdjecie-nr-6-3-2048x1150-1-1280x718.jpg 1280w, https:\/\/a8architektura.pl\/wp-content\/uploads\/Zdjecie-nr-6-3-2048x1150-1-768x431.jpg 768w, https:\/\/a8architektura.pl\/wp-content\/uploads\/Zdjecie-nr-6-3-2048x1150-1-1536x862.jpg 1536w, https:\/\/a8architektura.pl\/wp-content\/uploads\/Zdjecie-nr-6-3-2048x1150-1-143x80.jpg 143w, https:\/\/a8architektura.pl\/wp-content\/uploads\/Zdjecie-nr-6-3-2048x1150-1-990x556.jpg 990w\" sizes=\"auto, (max-width: 1600px) 100vw, 1600px\" \/><figcaption class=\"wp-element-caption\">Budowa domu (\u017ar\u00f3d\u0142o: A8 Architektura)<\/figcaption><\/figure>\n\n\n\n<h2 class=\"wp-block-heading\">Kiedy potrzebne s\u0105 poszczeg\u00f3lne projekty?<\/h2>\n\n\n\n<p>Inwestor, sk\u0142adaj\u0105c dokumentacje do organu nadzoru budowlanego do planowanej realizacji rob\u00f3t budowlanych, za\u0142\u0105cza o\u015bwiadczenie o sporz\u0105dzeniu projektu technicznego podpisane przez projektanta (zazwyczaj architekta) budynku.<\/p>\n\n\n\n<p>Projekt techniczny wraz z projektem architektoniczno-budowlanym i zagospodarowania dzia\u0142ki lub terenu powinien znale\u017a\u0107 si\u0119 na placu budowy w dniu rozpocz\u0119cia prac i by\u0107 dost\u0119pny do wgl\u0105du dla organ\u00f3w nadzoru budowlanego od momentu rozpocz\u0119cia budowy.&nbsp;<\/p>\n\n\n\n<p>Projekt wykonawczy za\u015b stanowi podstaw\u0119 realizacji inwestycji na placu budowy.<\/p>\n\n\n\n<figure class=\"wp-block-image size-large\"><a href=\"https:\/\/a8architektura.pl\/nasze-uslugi?utm_source=blog&amp;utm_medium=banner&amp;utm_campaign=cta\"><img loading=\"lazy\" decoding=\"async\" width=\"2560\" height=\"659\" src=\"https:\/\/a8architektura.pl\/wp-content\/uploads\/Baner-1-2560x659.jpg\" alt=\"Baner-1\" class=\"wp-image-9100\" srcset=\"https:\/\/a8architektura.pl\/wp-content\/uploads\/Baner-1-2560x659.jpg 2560w, https:\/\/a8architektura.pl\/wp-content\/uploads\/Baner-1-1280x329.jpg 1280w, https:\/\/a8architektura.pl\/wp-content\/uploads\/Baner-1-768x198.jpg 768w, https:\/\/a8architektura.pl\/wp-content\/uploads\/Baner-1-1536x395.jpg 1536w, https:\/\/a8architektura.pl\/wp-content\/uploads\/Baner-1-2048x527.jpg 2048w, https:\/\/a8architektura.pl\/wp-content\/uploads\/Baner-1-311x80.jpg 311w, https:\/\/a8architektura.pl\/wp-content\/uploads\/Baner-1-990x255.jpg 990w\" sizes=\"auto, (max-width: 2560px) 100vw, 2560px\" \/><\/a><\/figure>\n\n\n\n<h2 class=\"wp-block-heading\">Czy mo\u017cna zrealizowa\u0107 budynek tylko z PT?<\/h2>\n\n\n\n<p>Mo\u017cliwa jest realizacja budynku na podstawie projektu technicznego, gdy powi\u0119kszymy jego zakres o elementy projektu wykonawczego. Zwi\u0119kszenie zakresu wyd\u0142u\u017ca jednak czas potrzebny na przygotowanie niezb\u0119dnej dokumentacji.&nbsp;<\/p>\n\n\n\n<p>Z praktyki projektowej wynika, \u017ce po\u0142\u0105czenie zakres\u00f3w projektu technicznego i wykonawczego ma sens tylko dla niewielkich skal\u0105 budynk\u00f3w tj. domy jednorodzinne. W przypadku wi\u0119kszych obiekt\u00f3w istnieje du\u017ce ryzyko, \u017ce projekt techniczny nie b\u0119dzie gotowy na dzie\u0144 rozpocz\u0119cia prac budowlanych.<\/p>\n\n\n\n<h2 class=\"wp-block-heading\">W jakim zakresie zleci\u0107 wykonanie PW?<\/h2>\n\n\n\n<p>Dla mniejszych przedsi\u0119wzi\u0119\u0107 tj. domy jednorodzinne cz\u0119\u015b\u0107 architektoniczna i konstrukcyjna jest niezb\u0119dna. Cz\u0119\u015b\u0107 instalacyjna w zakresie sanitarnym w zale\u017cno\u015bci od sytuacji i preferencji inwestora mo\u017ce by\u0107 realizowana poprzez firmy wykonawcze, kt\u00f3re cz\u0119sto posiadaj\u0105 w\u0142asne jednostki projektowe. Jednostki te i tak przygotowuj\u0105 projekty warsztatowe dla w\u0142asnych ekip wykonawczy.<\/p>\n\n\n\n<p>Projekty instalacji elektrycznej s\u0105 cz\u0119sto uszczeg\u00f3\u0142owione na etapie projektu wn\u0119trz. Do stworzenia docelowego projektu elektrycznego w ramach projektu wykonawczego, projekt wn\u0119trz powinien by\u0107 w pe\u0142ni sko\u0144czony na kilka tygodni przed u\u0142o\u017ceniem kabli instalacji elektrycznej w budynku, kt\u00f3re s\u0105 rozprowadzane przed tynkowaniem \u015bcian wewn\u0119trznych.<\/p>\n\n\n\n<p>Dla ka\u017cdego innego budynku nale\u017cy wykona\u0107 pe\u0142ny zakres projektu wykonawczego. Konieczne jest to z uwagi na z\u0142o\u017cono\u015b\u0107 opracowa\u0144, kt\u00f3re musz\u0105 spe\u0142ni\u0107 wszelkie przepisy i normy dotycz\u0105ce akustyki, wentylacji, wymaga\u0144 sanepidu, ch\u0142odzenia, ogrzewania wraz z jednoczesnym spe\u0142nieniem wymaga\u0144 ochrony przeciwpo\u017carowej.<\/p>\n","protected":false},"excerpt":{"rendered":"<p>Czym jest projekt techniczny i projekt wykonawczy Rozwa\u017cania na temat r\u00f3\u017cnic mi\u0119dzy projektami nale\u017cy zacz\u0105\u0107 od zmiany ustawy Prawo Budowlanego, jaka mia\u0142a miejsce w 19 wrze\u015bnia 2020 roku. Przed t\u0105 dat\u0105 podstawowymi fazami projektu by\u0142y: projekt koncepcyjny, projekt budowlany, projekt wykonawczy. Zmiana prawa podzieli\u0142a drug\u0105 faz\u0119 projektu, czyli projekt budowlany na trzy cz\u0119\u015bci: Do uzyskania [&hellip;]<\/p>\n","protected":false},"author":10,"featured_media":6184,"comment_status":"closed","ping_status":"open","sticky":false,"template":"","format":"standard","meta":{"_acf_changed":false,"footnotes":""},"categories":[4,58,15,51],"tags":[],"class_list":["post-6127","post","type-post","status-publish","format-standard","has-post-thumbnail","hentry","category-architektura","category-dla-dewelopera","category-opinia-eksperta","category-twoj-dom"],"acf":[],"_links":{"self":[{"href":"https:\/\/a8architektura.pl\/en\/wp-json\/wp\/v2\/posts\/6127","targetHints":{"allow":["GET"]}}],"collection":[{"href":"https:\/\/a8architektura.pl\/en\/wp-json\/wp\/v2\/posts"}],"about":[{"href":"https:\/\/a8architektura.pl\/en\/wp-json\/wp\/v2\/types\/post"}],"author":[{"embeddable":true,"href":"https:\/\/a8architektura.pl\/en\/wp-json\/wp\/v2\/users\/10"}],"replies":[{"embeddable":true,"href":"https:\/\/a8architektura.pl\/en\/wp-json\/wp\/v2\/comments?post=6127"}],"version-history":[{"count":24,"href":"https:\/\/a8architektura.pl\/en\/wp-json\/wp\/v2\/posts\/6127\/revisions"}],"predecessor-version":[{"id":10776,"href":"https:\/\/a8architektura.pl\/en\/wp-json\/wp\/v2\/posts\/6127\/revisions\/10776"}],"wp:featuredmedia":[{"embeddable":true,"href":"https:\/\/a8architektura.pl\/en\/wp-json\/wp\/v2\/media\/6184"}],"wp:attachment":[{"href":"https:\/\/a8architektura.pl\/en\/wp-json\/wp\/v2\/media?parent=6127"}],"wp:term":[{"taxonomy":"category","embeddable":true,"href":"https:\/\/a8architektura.pl\/en\/wp-json\/wp\/v2\/categories?post=6127"},{"taxonomy":"post_tag","embeddable":true,"href":"https:\/\/a8architektura.pl\/en\/wp-json\/wp\/v2\/tags?post=6127"}],"curies":[{"name":"wp","href":"https:\/\/api.w.org\/{rel}","templated":true}]}}