{"id":11577,"date":"2026-04-23T14:54:23","date_gmt":"2026-04-23T12:54:23","guid":{"rendered":"https:\/\/a8architektura.pl\/?p=11577"},"modified":"2026-04-24T09:56:17","modified_gmt":"2026-04-24T07:56:17","slug":"murator-top10","status":"publish","type":"post","link":"https:\/\/a8architektura.pl\/en\/architektura\/murator-top10","title":{"rendered":"Projekt A8 Architektura wyr\u00f3\u017cniony w Top 10 realizacji dom\u00f3w w Polsce"},"content":{"rendered":"\n<figure class=\"wp-block-image size-full\"><img decoding=\"async\" src=\"https:\/\/a8architektura.pl\/wp-content\/uploads\/Murator_mockup_02-1.png\" alt=\"\" class=\"wp-image-11582\"\/><\/figure>\n\n\n\n<p>Magazyn MURATOR nr 2\/2026<br \/><\/p>\n\n\n\n<p>Nasz Dom w Lekartach znalaz\u0142 si\u0119 w zestawieniu najciekawszych realizacji 2025 roku magazynu<a href=\"https:\/\/www.facebook.com\/magazyn.murator?__cft__[0]=AZb-22qpbqKUwEf_csTu27271zFPaOQdpKgEHCeME8DchY9uwEZdL8X2FiwlNLtpI38XPvSpWQIe7qwrHGMS1Zl3HKyisAjcjIsZQ-6Wtfu045278gTmmDp2HuhRO9W3wCSFpdf5z4r5r8DnDm_eQFLeq03fZhhFlNmX_3HJSxitkWdnu6c3Moa-acRyD2V6m4c&amp;__tn__=-]K-R\" target=\"_blank\" rel=\"noopener\"> <\/a><strong><em><a href=\"https:\/\/www.facebook.com\/magazyn.murator?__cft__[0]=AZb-22qpbqKUwEf_csTu27271zFPaOQdpKgEHCeME8DchY9uwEZdL8X2FiwlNLtpI38XPvSpWQIe7qwrHGMS1Zl3HKyisAjcjIsZQ-6Wtfu045278gTmmDp2HuhRO9W3wCSFpdf5z4r5r8DnDm_eQFLeq03fZhhFlNmX_3HJSxitkWdnu6c3Moa-acRyD2V6m4c&amp;__tn__=-]K-R\" target=\"_blank\" rel=\"noopener\">MURATOR<\/a>&nbsp;<\/em><\/strong><\/p>\n\n\n\n<p>To dom o wachlarzowym rzucie, otwieraj\u0105cy si\u0119 na mazurskie jezioro. Jego dynamiczna bry\u0142a sk\u0142ada si\u0119 z trzech segment\u00f3w przykrytych harmonijkowym dachem dwuspadowym. Naturalny gont modrzewiowy pozwala budynkowi harmonijnie wpisa\u0107 si\u0119 w otoczenie, a du\u017ce przeszklenia od strony jeziora podkre\u015blaj\u0105 lekko\u015b\u0107 formy i otwieraj\u0105 wn\u0119trze na krajobraz.&nbsp;<\/p>\n\n\n\n<figure class=\"wp-block-image size-full\"><img decoding=\"async\" src=\"https:\/\/a8architektura.pl\/wp-content\/uploads\/Murator_mockup_01-cut.png\" alt=\"\" class=\"wp-image-11585\"\/><\/figure>\n\n\n\n<p>Zajrzyjcie do artyku\u0142u &#8211; znajdziecie tam informacje o naszym domu w pigu\u0142ce.<\/p>\n\n\n\n<p>A je\u015bli chcecie pozna\u0107 pozosta\u0142e 12 wybitnych projekt\u00f3w, si\u0119gnijcie po lutowe wydanie magazynu<a href=\"https:\/\/www.facebook.com\/magazyn.murator?__cft__[0]=AZb-22qpbqKUwEf_csTu27271zFPaOQdpKgEHCeME8DchY9uwEZdL8X2FiwlNLtpI38XPvSpWQIe7qwrHGMS1Zl3HKyisAjcjIsZQ-6Wtfu045278gTmmDp2HuhRO9W3wCSFpdf5z4r5r8DnDm_eQFLeq03fZhhFlNmX_3HJSxitkWdnu6c3Moa-acRyD2V6m4c&amp;__tn__=-]K-R\" target=\"_blank\" rel=\"noopener\"> <strong><em>MURATOR<\/em><\/strong><\/a><\/p>\n\n\n\n<figure class=\"wp-block-gallery has-nested-images columns-default is-cropped wp-block-gallery-1 is-layout-flex wp-block-gallery-is-layout-flex\">\n<figure class=\"wp-block-image size-large\"><img loading=\"lazy\" decoding=\"async\" width=\"1018\" height=\"1440\" data-id=\"11587\" src=\"https:\/\/a8architektura.pl\/wp-content\/uploads\/34_35_02_26_01-11-1018x1440.png\" alt=\"\" class=\"wp-image-11587\" srcset=\"https:\/\/a8architektura.pl\/wp-content\/uploads\/34_35_02_26_01-11-1018x1440.png 1018w, https:\/\/a8architektura.pl\/wp-content\/uploads\/34_35_02_26_01-11-724x1024.png 724w, https:\/\/a8architektura.pl\/wp-content\/uploads\/34_35_02_26_01-11-768x1086.png 768w, https:\/\/a8architektura.pl\/wp-content\/uploads\/34_35_02_26_01-11-1086x1536.png 1086w, https:\/\/a8architektura.pl\/wp-content\/uploads\/34_35_02_26_01-11-1448x2048.png 1448w, https:\/\/a8architektura.pl\/wp-content\/uploads\/34_35_02_26_01-11-57x80.png 57w, https:\/\/a8architektura.pl\/wp-content\/uploads\/34_35_02_26_01-11-990x1400.png 990w, https:\/\/a8architektura.pl\/wp-content\/uploads\/34_35_02_26_01-11-scaled.png 1810w\" sizes=\"auto, (max-width: 1018px) 100vw, 1018px\" \/><\/figure>\n\n\n\n<figure class=\"wp-block-image size-large\"><img loading=\"lazy\" decoding=\"async\" width=\"1031\" height=\"1440\" data-id=\"11589\" src=\"https:\/\/a8architektura.pl\/wp-content\/uploads\/Murator_A8_Architektura_Dom_Lekarty-1031x1440.jpg\" alt=\"\" class=\"wp-image-11589\" srcset=\"https:\/\/a8architektura.pl\/wp-content\/uploads\/Murator_A8_Architektura_Dom_Lekarty-1031x1440.jpg 1031w, https:\/\/a8architektura.pl\/wp-content\/uploads\/Murator_A8_Architektura_Dom_Lekarty-733x1024.jpg 733w, https:\/\/a8architektura.pl\/wp-content\/uploads\/Murator_A8_Architektura_Dom_Lekarty-768x1073.jpg 768w, https:\/\/a8architektura.pl\/wp-content\/uploads\/Murator_A8_Architektura_Dom_Lekarty-57x80.jpg 57w, https:\/\/a8architektura.pl\/wp-content\/uploads\/Murator_A8_Architektura_Dom_Lekarty-990x1383.jpg 990w, https:\/\/a8architektura.pl\/wp-content\/uploads\/Murator_A8_Architektura_Dom_Lekarty.jpg 1034w\" sizes=\"auto, (max-width: 1031px) 100vw, 1031px\" \/><\/figure>\n<\/figure>\n\n\n\n<p>Projekt by\u0142 szeroko publikowany, m.in.:<br \/>&#8211; WhiteMAD:&nbsp;<a href=\"https:\/\/www.whitemad.pl\/dom-w-lekartach-z-widokiem-na-mazurskie-jezioro-i-prywatne-molo\/?fbclid=IwAR221HDKkScvJnvSGJ3aD72uraEVzHPTzMC5SZuA4SGAYbF0A0d5CflTQTw\" target=\"_blank\" rel=\"noopener\">DOM W LEKARTACH Z WIDOKIEM NA MAZURSKIE JEZIORO I PRYWATNE MOLO<\/a><br \/>&#8211; Bry\u0142a.pl:&nbsp;<a href=\"https:\/\/www.bryla.pl\/dom-w-lekartach-projekt-pracowni-a8-architektura?fbclid=IwAR2NU39_FtdogfmWeJQNVqJMnQ9T1EqGPbT_rMIm2xfu83LoCY-W3yc4tUI\" target=\"_blank\" rel=\"noopener\">Dom w Lekartach &#8211; projekt pracowni A8 Architektura<\/a><br \/>&#8211; Architektura i Biznes:&nbsp;<a href=\"https:\/\/www.architekturaibiznes.pl\/dom-nad-jeziorem-projektu-a8-architektura,23340.html?fbclid=IwAR3m3DVxG2Y2_4y7naJjDqJPY2MJvisn7f6T5UeRDf7v95W12TAgR3qx7G0\" target=\"_blank\" rel=\"noopener\">Trzyg\u0142owy dom z widokiem na jezioro. Realizacja pracowni A8 Architektura<\/a><\/p>\n\n\n\n<p>Szczeg\u00f3\u0142owo mo\u017cna si\u0119 z nim te\u017c zapozna\u0107 we <a href=\"https:\/\/a8architektura.pl\/projekty\/dom-w-lekartach\" data-type=\"link\" data-id=\"https:\/\/a8architektura.pl\/projekty\/dom-w-lekartach\">wpisie o domu w Lekartach na stronie A8 Architektura<\/a>.<\/p>\n","protected":false},"excerpt":{"rendered":"<p>Magazyn MURATOR nr 2\/2026 Nasz Dom w Lekartach znalaz\u0142 si\u0119 w zestawieniu najciekawszych realizacji 2025 roku magazynu MURATOR&nbsp; To dom o wachlarzowym rzucie, otwieraj\u0105cy si\u0119 na mazurskie jezioro. Jego dynamiczna bry\u0142a sk\u0142ada si\u0119 z trzech segment\u00f3w przykrytych harmonijkowym dachem dwuspadowym. Naturalny gont modrzewiowy pozwala budynkowi harmonijnie wpisa\u0107 si\u0119 w otoczenie, a du\u017ce przeszklenia od strony [&hellip;]<\/p>\n","protected":false},"author":12,"featured_media":11580,"comment_status":"closed","ping_status":"open","sticky":false,"template":"","format":"standard","meta":{"_acf_changed":false,"footnotes":""},"categories":[4,5],"tags":[],"class_list":["post-11577","post","type-post","status-publish","format-standard","has-post-thumbnail","hentry","category-architektura","category-aktualnosci"],"acf":[],"_links":{"self":[{"href":"https:\/\/a8architektura.pl\/en\/wp-json\/wp\/v2\/posts\/11577","targetHints":{"allow":["GET"]}}],"collection":[{"href":"https:\/\/a8architektura.pl\/en\/wp-json\/wp\/v2\/posts"}],"about":[{"href":"https:\/\/a8architektura.pl\/en\/wp-json\/wp\/v2\/types\/post"}],"author":[{"embeddable":true,"href":"https:\/\/a8architektura.pl\/en\/wp-json\/wp\/v2\/users\/12"}],"replies":[{"embeddable":true,"href":"https:\/\/a8architektura.pl\/en\/wp-json\/wp\/v2\/comments?post=11577"}],"version-history":[{"count":10,"href":"https:\/\/a8architektura.pl\/en\/wp-json\/wp\/v2\/posts\/11577\/revisions"}],"predecessor-version":[{"id":11660,"href":"https:\/\/a8architektura.pl\/en\/wp-json\/wp\/v2\/posts\/11577\/revisions\/11660"}],"wp:featuredmedia":[{"embeddable":true,"href":"https:\/\/a8architektura.pl\/en\/wp-json\/wp\/v2\/media\/11580"}],"wp:attachment":[{"href":"https:\/\/a8architektura.pl\/en\/wp-json\/wp\/v2\/media?parent=11577"}],"wp:term":[{"taxonomy":"category","embeddable":true,"href":"https:\/\/a8architektura.pl\/en\/wp-json\/wp\/v2\/categories?post=11577"},{"taxonomy":"post_tag","embeddable":true,"href":"https:\/\/a8architektura.pl\/en\/wp-json\/wp\/v2\/tags?post=11577"}],"curies":[{"name":"wp","href":"https:\/\/api.w.org\/{rel}","templated":true}]}}