{"id":10224,"date":"2024-11-08T09:53:14","date_gmt":"2024-11-08T08:53:14","guid":{"rendered":"https:\/\/a8architektura.pl\/?p=10224"},"modified":"2024-11-08T09:59:22","modified_gmt":"2024-11-08T08:59:22","slug":"inspiracje-dom-w-lomiankach","status":"publish","type":"post","link":"https:\/\/a8architektura.pl\/en\/aktualnosci\/inspiracje-dom-w-lomiankach","title":{"rendered":"Inspiracje &#8211; Dom w \u0141omiankach"},"content":{"rendered":"\n<figure class=\"wp-block-image size-large\"><img loading=\"lazy\" decoding=\"async\" width=\"2160\" height=\"1440\" src=\"https:\/\/a8architektura.pl\/wp-content\/uploads\/3861196d-3a0f-4e0a-9881--2160x1440.jpg\" alt=\"\" class=\"wp-image-10220\" srcset=\"https:\/\/a8architektura.pl\/wp-content\/uploads\/3861196d-3a0f-4e0a-9881--2160x1440.jpg 2160w, https:\/\/a8architektura.pl\/wp-content\/uploads\/3861196d-3a0f-4e0a-9881--1280x853.jpg 1280w, https:\/\/a8architektura.pl\/wp-content\/uploads\/3861196d-3a0f-4e0a-9881--768x512.jpg 768w, https:\/\/a8architektura.pl\/wp-content\/uploads\/3861196d-3a0f-4e0a-9881--1536x1024.jpg 1536w, https:\/\/a8architektura.pl\/wp-content\/uploads\/3861196d-3a0f-4e0a-9881--2048x1365.jpg 2048w, https:\/\/a8architektura.pl\/wp-content\/uploads\/3861196d-3a0f-4e0a-9881--120x80.jpg 120w, https:\/\/a8architektura.pl\/wp-content\/uploads\/3861196d-3a0f-4e0a-9881--990x660.jpg 990w\" sizes=\"auto, (max-width: 2160px) 100vw, 2160px\" \/><\/figure>\n\n\n\n<p><a href=\"https:\/\/a8architektura.pl\/projekty\/dom-w-lomiankach-ii\">Dom w \u0141omiankach<\/a> \u2013 \u0141adny Dom (10\/2024)<\/p>\n\n\n\n<p>Na \u0142amach pa\u017adziernikowego wydania magazynu \u0141adny Dom ukaza\u0142 si\u0119 artyku\u0142 o naszej <a href=\"https:\/\/a8architektura.pl\/projekty\/dom-w-lomiankach-ii\">realizacji w \u0141omiankach<\/a>. <\/p>\n\n\n\n<p>Dom w \u0141omiankach odpowiada na potrzeb\u0119 wykreowania nowoczesnego polskiego domu dla nowoczesnej rodziny. Mimo minimalistycznej i oszcz\u0119dnej w kolorach formie, dom otula ciep\u0142em i nadaje rytmu \u017cyciu rodzinnemu Inwestor\u00f3w.&nbsp;W artykule zosta\u0142y przedstawione tak\u017ce losy inwestor\u00f3w i jak uda\u0142o im si\u0119 z sukcesem doj\u015b\u0107 do budowy wymarzonego domu.<\/p>\n\n\n\n<p>Zach\u0119camy do lektury!<\/p>\n\n\n\n<figure class=\"wp-block-image size-large\"><img loading=\"lazy\" decoding=\"async\" width=\"1837\" height=\"1440\" src=\"https:\/\/a8architektura.pl\/wp-content\/uploads\/O7DD7N14-1837x1440.jpg\" alt=\"\" class=\"wp-image-10235\" srcset=\"https:\/\/a8architektura.pl\/wp-content\/uploads\/O7DD7N14-1837x1440.jpg 1837w, https:\/\/a8architektura.pl\/wp-content\/uploads\/O7DD7N14-1280x1004.jpg 1280w, https:\/\/a8architektura.pl\/wp-content\/uploads\/O7DD7N14-768x602.jpg 768w, https:\/\/a8architektura.pl\/wp-content\/uploads\/O7DD7N14-1536x1204.jpg 1536w, https:\/\/a8architektura.pl\/wp-content\/uploads\/O7DD7N14-2048x1606.jpg 2048w, https:\/\/a8architektura.pl\/wp-content\/uploads\/O7DD7N14-102x80.jpg 102w, https:\/\/a8architektura.pl\/wp-content\/uploads\/O7DD7N14-990x776.jpg 990w\" sizes=\"auto, (max-width: 1837px) 100vw, 1837px\" \/><figcaption class=\"wp-element-caption\"><br \/><a href=\"https:\/\/a8architektura.pl\/projekty\/dom-w-lomiankach-ii\">Dom w \u0141omiankach<\/a> \u2013 Publikacja \u0141adny Dom 10\/2024<\/figcaption><\/figure>\n\n\n\n<figure class=\"wp-block-image size-large\"><img loading=\"lazy\" decoding=\"async\" width=\"2108\" height=\"1440\" src=\"https:\/\/a8architektura.pl\/wp-content\/uploads\/LD_10_dom_miesiaca_plik-produkcyjny-2-2108x1440.jpg\" alt=\"\" class=\"wp-image-10228\" srcset=\"https:\/\/a8architektura.pl\/wp-content\/uploads\/LD_10_dom_miesiaca_plik-produkcyjny-2-2108x1440.jpg 2108w, https:\/\/a8architektura.pl\/wp-content\/uploads\/LD_10_dom_miesiaca_plik-produkcyjny-2-1280x874.jpg 1280w, https:\/\/a8architektura.pl\/wp-content\/uploads\/LD_10_dom_miesiaca_plik-produkcyjny-2-768x525.jpg 768w, https:\/\/a8architektura.pl\/wp-content\/uploads\/LD_10_dom_miesiaca_plik-produkcyjny-2-1536x1049.jpg 1536w, https:\/\/a8architektura.pl\/wp-content\/uploads\/LD_10_dom_miesiaca_plik-produkcyjny-2-2048x1399.jpg 2048w, https:\/\/a8architektura.pl\/wp-content\/uploads\/LD_10_dom_miesiaca_plik-produkcyjny-2-117x80.jpg 117w, https:\/\/a8architektura.pl\/wp-content\/uploads\/LD_10_dom_miesiaca_plik-produkcyjny-2-990x676.jpg 990w\" sizes=\"auto, (max-width: 2108px) 100vw, 2108px\" \/><\/figure>\n\n\n\n<figure class=\"wp-block-image size-large\"><img loading=\"lazy\" decoding=\"async\" width=\"2108\" height=\"1440\" src=\"https:\/\/a8architektura.pl\/wp-content\/uploads\/LD_10_dom_miesiaca_plik-produkcyjny-4-2108x1440.jpg\" alt=\"\" class=\"wp-image-10230\" srcset=\"https:\/\/a8architektura.pl\/wp-content\/uploads\/LD_10_dom_miesiaca_plik-produkcyjny-4-2108x1440.jpg 2108w, https:\/\/a8architektura.pl\/wp-content\/uploads\/LD_10_dom_miesiaca_plik-produkcyjny-4-1280x874.jpg 1280w, https:\/\/a8architektura.pl\/wp-content\/uploads\/LD_10_dom_miesiaca_plik-produkcyjny-4-768x525.jpg 768w, https:\/\/a8architektura.pl\/wp-content\/uploads\/LD_10_dom_miesiaca_plik-produkcyjny-4-1536x1049.jpg 1536w, https:\/\/a8architektura.pl\/wp-content\/uploads\/LD_10_dom_miesiaca_plik-produkcyjny-4-2048x1399.jpg 2048w, https:\/\/a8architektura.pl\/wp-content\/uploads\/LD_10_dom_miesiaca_plik-produkcyjny-4-117x80.jpg 117w, https:\/\/a8architektura.pl\/wp-content\/uploads\/LD_10_dom_miesiaca_plik-produkcyjny-4-990x676.jpg 990w\" sizes=\"auto, (max-width: 2108px) 100vw, 2108px\" \/><\/figure>\n","protected":false},"excerpt":{"rendered":"<p>Dom w \u0141omiankach \u2013 \u0141adny Dom (10\/2024) Na \u0142amach pa\u017adziernikowego wydania magazynu \u0141adny Dom ukaza\u0142 si\u0119 artyku\u0142 o naszej realizacji w \u0141omiankach. Dom w \u0141omiankach odpowiada na potrzeb\u0119 wykreowania nowoczesnego polskiego domu dla nowoczesnej rodziny. Mimo minimalistycznej i oszcz\u0119dnej w kolorach formie, dom otula ciep\u0142em i nadaje rytmu \u017cyciu rodzinnemu Inwestor\u00f3w.&nbsp;W artykule zosta\u0142y przedstawione tak\u017ce [&hellip;]<\/p>\n","protected":false},"author":10,"featured_media":10220,"comment_status":"closed","ping_status":"open","sticky":false,"template":"","format":"standard","meta":{"_acf_changed":false,"footnotes":""},"categories":[5,4,51],"tags":[],"class_list":["post-10224","post","type-post","status-publish","format-standard","has-post-thumbnail","hentry","category-aktualnosci","category-architektura","category-twoj-dom"],"acf":[],"_links":{"self":[{"href":"https:\/\/a8architektura.pl\/en\/wp-json\/wp\/v2\/posts\/10224","targetHints":{"allow":["GET"]}}],"collection":[{"href":"https:\/\/a8architektura.pl\/en\/wp-json\/wp\/v2\/posts"}],"about":[{"href":"https:\/\/a8architektura.pl\/en\/wp-json\/wp\/v2\/types\/post"}],"author":[{"embeddable":true,"href":"https:\/\/a8architektura.pl\/en\/wp-json\/wp\/v2\/users\/10"}],"replies":[{"embeddable":true,"href":"https:\/\/a8architektura.pl\/en\/wp-json\/wp\/v2\/comments?post=10224"}],"version-history":[{"count":7,"href":"https:\/\/a8architektura.pl\/en\/wp-json\/wp\/v2\/posts\/10224\/revisions"}],"predecessor-version":[{"id":10239,"href":"https:\/\/a8architektura.pl\/en\/wp-json\/wp\/v2\/posts\/10224\/revisions\/10239"}],"wp:featuredmedia":[{"embeddable":true,"href":"https:\/\/a8architektura.pl\/en\/wp-json\/wp\/v2\/media\/10220"}],"wp:attachment":[{"href":"https:\/\/a8architektura.pl\/en\/wp-json\/wp\/v2\/media?parent=10224"}],"wp:term":[{"taxonomy":"category","embeddable":true,"href":"https:\/\/a8architektura.pl\/en\/wp-json\/wp\/v2\/categories?post=10224"},{"taxonomy":"post_tag","embeddable":true,"href":"https:\/\/a8architektura.pl\/en\/wp-json\/wp\/v2\/tags?post=10224"}],"curies":[{"name":"wp","href":"https:\/\/api.w.org\/{rel}","templated":true}]}}